{"id":3483,"date":"2023-07-20T18:04:12","date_gmt":"2023-07-20T16:04:12","guid":{"rendered":"https:\/\/datenschutz-eprivacy.de\/da\/?p=3483"},"modified":"2023-07-20T18:04:13","modified_gmt":"2023-07-20T16:04:13","slug":"data-privacy-framework-expertenmeinung","status":"publish","type":"post","link":"https:\/\/datenschutz-eprivacy.de\/en\/data-privacy-framework-expertenmeinung\/","title":{"rendered":"Data Privacy Framework: Ist das TADPF schon jetzt rechtswidrig?"},"content":{"rendered":"<p>In einer digital vernetzten Welt, in der der grenz\u00fcberschreitende Austausch von Daten an der Tagesordnung steht, spielt der Schutz personenbezogener Daten eine entscheidende Rolle. Um die Privatsph\u00e4re der B\u00fcrger zu gew\u00e4hrleisten und den Datentransfer zwischen der Europ\u00e4ischen Union (EU) und den Vereinigten Staaten (USA) zu regeln, wurde das neue Datenschutzabkommen Data Privacy Framework (TADPF) ins Leben gerufen. Doch schon jetzt steht die Rechtm\u00e4\u00dfigkeit dieses Abkommens in Frage und entfacht eine lebhafte Kontroverse.<\/p>\n<div id=\"ez-toc-container\" class=\"ez-toc-v2_0_79_2 counter-hierarchy ez-toc-counter ez-toc-custom ez-toc-container-direction\">\n<div class=\"ez-toc-title-container\">\n<p class=\"ez-toc-title\" style=\"cursor:inherit\">Verzeichnis<\/p>\n<span class=\"ez-toc-title-toggle\"><a href=\"#\" class=\"ez-toc-pull-right ez-toc-btn ez-toc-btn-xs ez-toc-btn-default ez-toc-toggle\" aria-label=\"Toggle Table of Content\"><span class=\"ez-toc-js-icon-con\"><span class=\"\"><span class=\"eztoc-hide\" style=\"display:none;\">Toggle<\/span><span class=\"ez-toc-icon-toggle-span\"><svg style=\"fill: #999;color:#999\" xmlns=\"http:\/\/www.w3.org\/2000\/svg\" class=\"list-377408\" width=\"20px\" height=\"20px\" viewbox=\"0 0 24 24\" fill=\"none\"><path d=\"M6 6H4v2h2V6zm14 0H8v2h12V6zM4 11h2v2H4v-2zm16 0H8v2h12v-2zM4 16h2v2H4v-2zm16 0H8v2h12v-2z\" fill=\"currentColor\"><\/path><\/svg><svg style=\"fill: #999;color:#999\" class=\"arrow-unsorted-368013\" xmlns=\"http:\/\/www.w3.org\/2000\/svg\" width=\"10px\" height=\"10px\" viewbox=\"0 0 24 24\" version=\"1.2\" baseprofile=\"tiny\"><path d=\"M18.2 9.3l-6.2-6.3-6.2 6.3c-.2.2-.3.4-.3.7s.1.5.3.7c.2.2.4.3.7.3h11c.3 0 .5-.1.7-.3.2-.2.3-.5.3-.7s-.1-.5-.3-.7zM5.8 14.7l6.2 6.3 6.2-6.3c.2-.2.3-.5.3-.7s-.1-.5-.3-.7c-.2-.2-.4-.3-.7-.3h-11c-.3 0-.5.1-.7.3-.2.2-.3.5-.3.7s.1.5.3.7z\"\/><\/svg><\/span><\/span><\/span><\/a><\/span><\/div>\n<nav><ul class='ez-toc-list ez-toc-list-level-1' ><li class='ez-toc-page-1 ez-toc-heading-level-2'><a class=\"ez-toc-link ez-toc-heading-1\" href=\"https:\/\/datenschutz-eprivacy.de\/en\/data-privacy-framework-expertenmeinung\/#Die_Bedeutung_von_Datenschutzabkommen\" >Die Bedeutung von Datenschutzabkommen<\/a><ul class='ez-toc-list-level-3' ><li class='ez-toc-heading-level-3'><a class=\"ez-toc-link ez-toc-heading-2\" href=\"https:\/\/datenschutz-eprivacy.de\/en\/data-privacy-framework-expertenmeinung\/#Die_Schwachstellen_des_neuen_Datenschutzabkommens\" >Die Schwachstellen des neuen Datenschutzabkommens<\/a><\/li><li class='ez-toc-page-1 ez-toc-heading-level-3'><a class=\"ez-toc-link ez-toc-heading-3\" href=\"https:\/\/datenschutz-eprivacy.de\/en\/data-privacy-framework-expertenmeinung\/#Vergleich_mit_dem_Vorgangerabkommen\" >Vergleich mit dem Vorg\u00e4ngerabkommen<\/a><\/li><li class='ez-toc-page-1 ez-toc-heading-level-3'><a class=\"ez-toc-link ez-toc-heading-4\" href=\"https:\/\/datenschutz-eprivacy.de\/en\/data-privacy-framework-expertenmeinung\/#Rechtliche_Bedenken_und_mogliche_Konsequenzen\" >Rechtliche Bedenken und m\u00f6gliche Konsequenzen<\/a><\/li><\/ul><\/li><li class='ez-toc-page-1 ez-toc-heading-level-2'><a class=\"ez-toc-link ez-toc-heading-5\" href=\"https:\/\/datenschutz-eprivacy.de\/en\/data-privacy-framework-expertenmeinung\/#Meine_Bewertung_als_Datenschutzer\" >Meine Bewertung als Datensch\u00fctzer<\/a><\/li><li class='ez-toc-page-1 ez-toc-heading-level-2'><a class=\"ez-toc-link ez-toc-heading-6\" href=\"https:\/\/datenschutz-eprivacy.de\/en\/data-privacy-framework-expertenmeinung\/#Und_was_nun_Unsere_Angebote\" >Und was nun? Unsere Angebote:<\/a><ul class='ez-toc-list-level-3' ><li class='ez-toc-heading-level-3'><a class=\"ez-toc-link ez-toc-heading-7\" href=\"https:\/\/datenschutz-eprivacy.de\/en\/data-privacy-framework-expertenmeinung\/#Datenschutz-Seminare_buchen\" >Book data protection seminars<\/a><\/li><li class='ez-toc-page-1 ez-toc-heading-level-3'><a class=\"ez-toc-link ez-toc-heading-8\" href=\"https:\/\/datenschutz-eprivacy.de\/en\/data-privacy-framework-expertenmeinung\/#Datenschutz-Beauftragten_bestellen\" >Datenschutz-Beauftragten bestellen<\/a><\/li><li class='ez-toc-page-1 ez-toc-heading-level-3'><a class=\"ez-toc-link ez-toc-heading-9\" href=\"https:\/\/datenschutz-eprivacy.de\/en\/data-privacy-framework-expertenmeinung\/#Datenschutz-Consulting_kaufen\" >Datenschutz-Consulting kaufen<\/a><\/li><\/ul><\/li><\/ul><\/nav><\/div>\n<h2><span class=\"ez-toc-section\" id=\"Die_Bedeutung_von_Datenschutzabkommen\"><\/span>Die Bedeutung von Datenschutzabkommen<span class=\"ez-toc-section-end\"><\/span><\/h2>\n<p>Datenschutzabkommen zwischen L\u00e4ndern dienen dazu, den Schutz personenbezogener Daten zu gew\u00e4hrleisten und den transatlantischen Datenaustausch zu regulieren. Sie bieten Unternehmen rechtliche Sicherheit bei der Verarbeitung von Daten und stellen sicher, dass die Datenschutzstandards eingehalten werden. Durch solche Abkommen k\u00f6nnen B\u00fcrger ihre Privatsph\u00e4re wahren und Vertrauen in den Umgang mit ihren Daten gewinnen.<\/p>\n<h3><span class=\"ez-toc-section\" id=\"Die_Schwachstellen_des_neuen_Datenschutzabkommens\"><\/span>Die Schwachstellen des neuen Datenschutzabkommens<span class=\"ez-toc-section-end\"><\/span><\/h3>\n<p>Trotz des Bestrebens, den Datenschutz zu gew\u00e4hrleisten, weist das neue Datenschutzabkommen TADPF erhebliche Schwachstellen auf. Kritiker bezweifeln, dass das Abkommen ausreichenden Schutz vor Massen\u00fcberwachung bietet und die Privatsph\u00e4re der B\u00fcrger effektiv bewahrt. Insbesondere wird die Wirksamkeit des Privacy Shield, des Vorg\u00e4ngerabkommens, angezweifelt, da es bereits vom Europ\u00e4ischen Gerichtshof f\u00fcr ung\u00fcltig erkl\u00e4rt wurde.<\/p>\n<h3><span class=\"ez-toc-section\" id=\"Vergleich_mit_dem_Vorgangerabkommen\"><\/span>Vergleich mit dem Vorg\u00e4ngerabkommen<span class=\"ez-toc-section-end\"><\/span><\/h3>\n<p>Im Vergleich zum Privacy Shield weist das TADPF zwar einige Unterschiede auf, jedoch sind die Grundprobleme nicht ausreichend gel\u00f6st worden. Das Schrems-II-Urteil, das die Grundlage f\u00fcr die Ung\u00fcltigerkl\u00e4rung des Privacy Shield bildete, stellt weiterhin eine rechtliche H\u00fcrde f\u00fcr das neue Abkommen dar. Die Bedenken hinsichtlich der Massen\u00fcberwachung und der Unabh\u00e4ngigkeit der ombudsmanischen Stelle bleiben bestehen.<\/p>\n<h3><span class=\"ez-toc-section\" id=\"Rechtliche_Bedenken_und_mogliche_Konsequenzen\"><\/span>Rechtliche Bedenken und m\u00f6gliche Konsequenzen<span class=\"ez-toc-section-end\"><\/span><\/h3>\n<p>Die rechtlichen Bedenken im Zusammenhang mit dem TADPF sind nicht zu untersch\u00e4tzen. Da das Abkommen m\u00f6glicherweise gegen die Datenschutzgrundverordnung (DSGVO) verst\u00f6\u00dft, stehen Unternehmen vor einem Dilemma. Verst\u00f6\u00dfe gegen die DSGVO k\u00f6nnen zu schwerwiegenden Sanktionen und Strafen f\u00fchren, was f\u00fcr Unternehmen erhebliche finanzielle und rechtliche Konsequenzen nach sich ziehen k\u00f6nnte.<\/p>\n<h2><span class=\"ez-toc-section\" id=\"Meine_Bewertung_als_Datenschutzer\"><\/span>Meine Bewertung als Datensch\u00fctzer<span class=\"ez-toc-section-end\"><\/span><\/h2>\n<p>Angesichts der aktuellen Kontroverse und der vorhandenen Schwachstellen des TADPF sehe ich es als dringend erforderlich, das Abkommen zu \u00fcberarbeiten. Die EU und die USA m\u00fcssen gemeinsam daran arbeiten, den Schutz personenbezogener Daten zu st\u00e4rken und den Anforderungen der DSGVO gerecht zu werden. Dar\u00fcber hinaus sollten nationale und europ\u00e4ische Datenschutzma\u00dfnahmen gest\u00e4rkt werden, um den B\u00fcrgerinnen und B\u00fcrgern ein hohes Ma\u00df an Privatsph\u00e4re und Datensicherheit zu gew\u00e4hrleisten. Zivilgesellschaftliche Organisationen und B\u00fcrgerrechtsbewegungen spielen dabei eine wichtige Rolle, um auf die Risiken der Massen\u00fcberwachung aufmerksam zu machen und den Schutz der Privatsph\u00e4re zu f\u00f6rdern.<\/p>\n<p>Das neue Datenschutzabkommen Data Privacy Framework zwischen der EU und den USA wirft erhebliche rechtliche Bedenken auf. Die aktuellen Schwachstellen und die ungel\u00f6sten Probleme des Privacy Shield lassen Zweifel an der Wirksamkeit und Rechtm\u00e4\u00dfigkeit des TADPF aufkommen. Um die Privatsph\u00e4re der B\u00fcrger effektiv zu sch\u00fctzen, sind eine \u00dcberarbeitung des Abkommens sowie eine St\u00e4rkung der Datenschutzma\u00dfnahmen auf nationaler und europ\u00e4ischer Ebene erforderlich. Der Schutz personenbezogener Daten muss h\u00f6chste Priorit\u00e4t haben, um das Vertrauen der B\u00fcrgerinnen und B\u00fcrger in den Umgang mit ihren Daten wiederherzustellen.<\/p>\n\n<!-- wp:group {\"align\":\"wide\",\"style\":{\"color\":{\"text\":\"#000000\",\"background\":\"#ffffff\"}}}--><div class=\"gridContainer\">\n<div class=\"wp-block-group alignwide has-text-color has-background\" style=\"color:#000000;background-color:#ffffff\"><!-- wp:heading--><div class=\"gridContainer\">\n<h2 class=\"wp-block-heading\"><span class=\"ez-toc-section\" id=\"Und_was_nun_Unsere_Angebote\"><\/span>Und was nun? Unsere Angebote:<span class=\"ez-toc-section-end\"><\/span><\/h2>\n<\/div><!-- \/wp:heading-->\n\n<!-- wp:freeform--><div class=\"gridContainer\">\n<p>DER Datenschutzbeauftragte: Christian Allner ist Experte in Datenschutzrecht und Datenschutzpraxis, beruflich qualifiziert und unabh\u00e4ngig. Seit 2013 f\u00fchrt er regelm\u00e4\u00dfig Weiterbildungen zu Datenschutz und Datensicherheit durch, coacht Unternehmen und: kann als externer Datenschutzbeauftragter bestellt werden. Kontaktieren Sie gern uns oder beauftragen Sie uns direkt hier. Wir helfen Ihnen weiter:<\/p>\n<\/div><!-- \/wp:freeform-->\n\n<!-- wp:columns {\"align\":\"wide\"}--><div class=\"gridContainer\">\n<div class=\"wp-block-columns alignwide\"><!-- wp:column {\"className\":\"has-text-color has-background has-link-color\"}--><div class=\"gridContainer\">\n<div class=\"wp-block-column has-text-color has-background has-link-color\"><!-- wp:heading {\"textAlign\":\"center\",\"level\":3,\"style\":{\"typography\":{\"fontSize\":\"40px\"}}}--><div class=\"gridContainer\">\n<h3 class=\"wp-block-heading has-text-align-center\" id=\"single\" style=\"font-size:40px\"><span class=\"ez-toc-section\" id=\"Datenschutz-Seminare_buchen\"><\/span><strong>Book data protection seminars<\/strong><span class=\"ez-toc-section-end\"><\/span><\/h3>\n<\/div><!-- \/wp:heading-->\n\n<!-- wp:paragraph {\"style\":{\"typography\":{\"lineHeight\":\"1.5\"}},\"fontSize\":\"normal\"}--><div class=\"gridContainer\">\n<p class=\"has-normal-font-size\" style=\"line-height:1.5\"><\/p>\n<\/div><!-- \/wp:paragraph-->\n\n<!-- wp:separator {\"opacity\":\"css\",\"style\":{\"color\":{\"background\":\"#000000\"}},\"className\":\"is-style-wide\"}--><div class=\"gridContainer\">\n<hr class=\"wp-block-separator has-text-color has-css-opacity has-background is-style-wide\" style=\"background-color:#000000;color:#000000\"\/>\n<\/div><!-- \/wp:separator-->\n\n<!-- wp:list {\"textColor\":\"black\"}--><div class=\"gridContainer\">\n<ul class=\"has-black-color has-text-color\">\n<li>Thema \u201eRechtssicherheit im Netz\u201c<\/li>\n\n\n\n<li>Thema \u201eDatenschutz und Datensicherheit: Medienkompetenz, DSGVO &amp; Co.\u201c<\/li>\n\n\n\n<li>Thema \u201eDSGVO in 30 Minuten\u201c <\/li>\n\n\n\n<li>(exkl. Reisekosten)<\/li>\n<\/ul>\n<\/div><!-- \/wp:list-->\n\n<!-- wp:buttons {\"align\":\"full\"}--><div class=\"gridContainer\">\n<div class=\"wp-block-buttons alignfull\"><!-- wp:button {\"textColor\":\"black\",\"width\":100,\"style\":{\"color\":{\"background\":\"#f0c131\"}}}--><div class=\"gridContainer\">\n<div class=\"wp-block-button has-custom-width wp-block-button__width-100\"><a class=\"wp-block-button__link has-black-color has-text-color has-background wp-element-button\" href=\"https:\/\/datenschutz-eprivacy.de\/en\/da\/datenschutz-seminare\/\" style=\"background-color:#f0c131\" target=\"_blank\" rel=\"noreferrer noopener\">Book data protection seminars<\/a><\/div>\n<\/div><!-- \/wp:button--><\/div>\n<\/div><!-- \/wp:buttons--><\/div>\n<\/div><!-- \/wp:column-->\n\n<!-- wp:column {\"style\":{\"color\":{\"background\":\"#66666612\"}},\"className\":\"has-white-color has-text-color has-background has-link-color\"}--><div class=\"gridContainer\">\n<div class=\"wp-block-column has-white-color has-text-color has-background has-link-color\" style=\"background-color:#66666612\"><!-- wp:heading {\"textAlign\":\"center\",\"level\":3,\"style\":{\"typography\":{\"fontSize\":\"40px\"}},\"textColor\":\"black\"}--><div class=\"gridContainer\">\n<h3 class=\"wp-block-heading has-text-align-center has-black-color has-text-color\" id=\"single\" style=\"font-size:40px\"><span class=\"ez-toc-section\" id=\"Datenschutz-Beauftragten_bestellen\"><\/span><strong>Datenschutz-Beauftragten bestellen<\/strong><span class=\"ez-toc-section-end\"><\/span><\/h3>\n<\/div><!-- \/wp:heading-->\n\n<!-- wp:paragraph {\"style\":{\"typography\":{\"lineHeight\":\"1.5\"}},\"textColor\":\"black\",\"fontSize\":\"normal\"}--><div class=\"gridContainer\">\n<p class=\"has-black-color has-text-color has-normal-font-size\" style=\"line-height:1.5\"><\/p>\n<\/div><!-- \/wp:paragraph-->\n\n<!-- wp:separator {\"opacity\":\"css\",\"style\":{\"color\":{\"background\":\"#000000\"}},\"className\":\"is-style-wide\"}--><div class=\"gridContainer\">\n<hr class=\"wp-block-separator has-text-color has-css-opacity has-background is-style-wide\" style=\"background-color:#000000;color:#000000\"\/>\n<\/div><!-- \/wp:separator-->\n\n<!-- wp:list {\"textColor\":\"black\"}--><div class=\"gridContainer\">\n<ul class=\"has-black-color has-text-color\">\n<li>gem. Art. 37-39 DSGVO und \u00a7\u00a7 4f; 38 BDSG (2018)<\/li>\n\n\n\n<li>Unterrichtung und Beratung; DSGVO-Einhaltungs\u00fcberwachung<\/li>\n\n\n\n<li>Training and education for your employees<\/li>\n\n\n\n<li>Technische und organisatorische Ma\u00dfnahmen (TOM) anfertigen<\/li>\n\n\n\n<li>Verzeichnis der Verarbeitungst\u00e4tigkeiten (VdV) erstellen<\/li>\n\n\n\n<li>Datenschutz-Folgenabsch\u00e4tzungen (DSFA) durchf\u00fchren <\/li>\n\n\n\n<li>Anlaufstelle und Ansprechpartner f\u00fcr Aufsichtsbeh\u00f6rden<\/li>\n<\/ul>\n<\/div><!-- \/wp:list-->\n\n<!-- wp:buttons {\"align\":\"full\"}--><div class=\"gridContainer\">\n<div class=\"wp-block-buttons alignfull\"><!-- wp:button {\"textColor\":\"black\",\"width\":100,\"style\":{\"color\":{\"background\":\"#f0c131\"}}}--><div class=\"gridContainer\">\n<div class=\"wp-block-button has-custom-width wp-block-button__width-100\"><a class=\"wp-block-button__link has-black-color has-text-color has-background wp-element-button\" href=\"https:\/\/datenschutz-eprivacy.de\/en\/da\/dienstleistungen\/datenschutzbeauftragter-bestellen\/\" style=\"background-color:#f0c131\" target=\"_blank\" rel=\"noreferrer noopener\">Datenschutz-Beauftragten bestellen!<\/a><\/div>\n<\/div><!-- \/wp:button--><\/div>\n<\/div><!-- \/wp:buttons--><\/div>\n<\/div><!-- \/wp:column-->\n\n<!-- wp:column {\"className\":\"has-text-color has-background has-link-color\"}--><div class=\"gridContainer\">\n<div class=\"wp-block-column has-text-color has-background has-link-color\"><!-- wp:heading {\"textAlign\":\"center\",\"level\":3,\"style\":{\"typography\":{\"fontSize\":\"40px\"}}}--><div class=\"gridContainer\">\n<h3 class=\"wp-block-heading has-text-align-center\" id=\"single\" style=\"font-size:40px\"><span class=\"ez-toc-section\" id=\"Datenschutz-Consulting_kaufen\"><\/span><strong>Datenschutz-Consulting kaufen<\/strong><span class=\"ez-toc-section-end\"><\/span><\/h3>\n<\/div><!-- \/wp:heading-->\n\n<!-- wp:paragraph {\"style\":{\"typography\":{\"lineHeight\":\"1.5\"}},\"fontSize\":\"normal\"}--><div class=\"gridContainer\">\n<p class=\"has-normal-font-size\" style=\"line-height:1.5\"><\/p>\n<\/div><!-- \/wp:paragraph-->\n\n<!-- wp:separator {\"opacity\":\"css\",\"style\":{\"color\":{\"background\":\"#000000\"}},\"className\":\"is-style-wide\"}--><div class=\"gridContainer\">\n<hr class=\"wp-block-separator has-text-color has-css-opacity has-background is-style-wide\" style=\"background-color:#000000;color:#000000\"\/>\n<\/div><!-- \/wp:separator-->\n\n<!-- wp:list {\"textColor\":\"black\"}--><div class=\"gridContainer\">\n<ul class=\"has-black-color has-text-color\">\n<li>Impressum oder Datenschutz-Erkl\u00e4rung erstellen<\/li>\n\n\n\n<li>Kompetente individuelle Beratung<\/li>\n\n\n\n<li>Audits, Consulting zu Datenschutz, Digitalisierung, DSGVO &amp; BDSG<\/li>\n\n\n\n<li>(exkl. Reisekosten)<\/li>\n<\/ul>\n<\/div><!-- \/wp:list-->\n\n<!-- wp:buttons {\"align\":\"full\"}--><div class=\"gridContainer\">\n<div class=\"wp-block-buttons alignfull\"><!-- wp:button {\"textColor\":\"black\",\"width\":100,\"style\":{\"color\":{\"background\":\"#f0c131\"}}}--><div class=\"gridContainer\">\n<div class=\"wp-block-button has-custom-width wp-block-button__width-100\"><a class=\"wp-block-button__link has-black-color has-text-color has-background wp-element-button\" href=\"https:\/\/datenschutz-eprivacy.de\/en\/da\/datenschutz-beratung\/\" style=\"background-color:#f0c131\" target=\"_blank\" rel=\"noreferrer noopener\">Datenschutz-Consulting kaufen<\/a><\/div>\n<\/div><!-- \/wp:button--><\/div>\n<\/div><!-- \/wp:buttons--><\/div>\n<\/div><!-- \/wp:column--><\/div>\n<\/div><!-- \/wp:columns--><\/div>\n<\/div><!-- \/wp:group-->\n\n<!-- wp:paragraph--><div class=\"gridContainer\">\n<p><\/p>\n<\/div><!-- \/wp:paragraph-->","protected":false},"excerpt":{"rendered":"<p>In einer digital vernetzten Welt, in der der grenz\u00fcberschreitende Austausch von Daten an der Tagesordnung steht, spielt der Schutz personenbezogener Daten eine entscheidende Rolle. Um die Privatsph\u00e4re der B\u00fcrger zu gew\u00e4hrleisten und den Datentransfer zwischen der Europ\u00e4ischen Union (EU) und den Vereinigten Staaten (USA) zu regeln, wurde das neue Datenschutzabkommen Data Privacy Framework (TADPF) ins&nbsp;&hellip;<\/p>","protected":false},"author":2,"featured_media":1834,"comment_status":"open","ping_status":"open","sticky":false,"template":"","format":"standard","meta":{"iawp_total_views":5,"footnotes":""},"categories":[4,17],"tags":[106,107,11,12,104,105,108],"class_list":["post-3483","post","type-post","status-publish","format-standard","has-post-thumbnail","hentry","category-europa","category-it-sicherheit","tag-cloud","tag-collaboration","tag-datenschutz","tag-dsgvo","tag-microsoft","tag-microsoft-365","tag-plattform"],"yoast_head":"<!-- This site is optimized with the Yoast SEO plugin v27.0 - https:\/\/yoast.com\/product\/yoast-seo-wordpress\/ -->\n<title>Microsoft 365 rechtswidrig? \u2013 was tun?<\/title>\n<meta name=\"description\" content=\"Warum ist Microsoft 365 bedenklich? \u2705 Ist die Plattform DSGVO-konform? \u2705 Wie sind Nutzer auf der sicheren Seite? \u2705\" \/>\n<meta name=\"robots\" content=\"index, follow, max-snippet:-1, max-image-preview:large, max-video-preview:-1\" \/>\n<link rel=\"canonical\" href=\"https:\/\/datenschutz-eprivacy.de\/en\/data-privacy-framework-expertenmeinung\/\" \/>\n<meta property=\"og:locale\" content=\"en_GB\" \/>\n<meta property=\"og:type\" content=\"article\" \/>\n<meta property=\"og:title\" content=\"Microsoft 365 rechtswidrig? \u2013 was tun?\" \/>\n<meta property=\"og:description\" content=\"Warum ist Microsoft 365 bedenklich? \u2705 Ist die Plattform DSGVO-konform? \u2705 Wie sind Nutzer auf der sicheren Seite? \u2705\" \/>\n<meta property=\"og:url\" content=\"https:\/\/datenschutz-eprivacy.de\/en\/data-privacy-framework-expertenmeinung\/\" \/>\n<meta property=\"og:site_name\" content=\"DER Datenschutzbeauftragte f\u00fcr Deutschland\" \/>\n<meta property=\"article:published_time\" content=\"2023-07-20T16:04:12+00:00\" \/>\n<meta property=\"article:modified_time\" content=\"2023-07-20T16:04:13+00:00\" \/>\n<meta property=\"og:image\" content=\"https:\/\/datenschutz-eprivacy.de\/da\/wp-content\/uploads\/law-gericht-recht-hammer-richterhammer-urteil-datenschutz.jpeg\" \/>\n\t<meta property=\"og:image:width\" content=\"1880\" \/>\n\t<meta property=\"og:image:height\" content=\"1044\" \/>\n\t<meta property=\"og:image:type\" content=\"image\/jpeg\" \/>\n<meta name=\"author\" content=\"Christian Allner\" \/>\n<meta name=\"twitter:card\" content=\"summary_large_image\" \/>\n<meta name=\"twitter:label1\" content=\"Written by\" \/>\n\t<meta name=\"twitter:data1\" content=\"Christian Allner\" \/>\n\t<meta name=\"twitter:label2\" content=\"Estimated reading time\" \/>\n\t<meta name=\"twitter:data2\" content=\"4 minutes\" \/>\n<script type=\"application\/ld+json\" class=\"yoast-schema-graph\">{\"@context\":\"https:\/\/schema.org\",\"@graph\":[{\"@type\":\"Article\",\"@id\":\"https:\/\/datenschutz-eprivacy.de\/data-privacy-framework-expertenmeinung\/#article\",\"isPartOf\":{\"@id\":\"https:\/\/datenschutz-eprivacy.de\/data-privacy-framework-expertenmeinung\/\"},\"author\":{\"name\":\"Christian Allner\",\"@id\":\"https:\/\/datenschutz-eprivacy.de\/#\/schema\/person\/0c2f308b4028d75339da978fc4b77b12\"},\"headline\":\"Data Privacy Framework: Ist das TADPF schon jetzt rechtswidrig?\",\"datePublished\":\"2023-07-20T16:04:12+00:00\",\"dateModified\":\"2023-07-20T16:04:13+00:00\",\"mainEntityOfPage\":{\"@id\":\"https:\/\/datenschutz-eprivacy.de\/data-privacy-framework-expertenmeinung\/\"},\"wordCount\":693,\"commentCount\":0,\"publisher\":{\"@id\":\"https:\/\/datenschutz-eprivacy.de\/#organization\"},\"image\":{\"@id\":\"https:\/\/datenschutz-eprivacy.de\/data-privacy-framework-expertenmeinung\/#primaryimage\"},\"thumbnailUrl\":\"https:\/\/datenschutz-eprivacy.de\/da\/wp-content\/uploads\/law-gericht-recht-hammer-richterhammer-urteil-datenschutz.jpeg\",\"keywords\":[\"Cloud\",\"Collaboration\",\"Datenschutz\",\"DSGVO\",\"Microsoft\",\"Microsoft 365\",\"Plattform\"],\"articleSection\":[\"Europa\",\"IT-Sicherheit\"],\"inLanguage\":\"en-GB\",\"potentialAction\":[{\"@type\":\"CommentAction\",\"name\":\"Comment\",\"target\":[\"https:\/\/datenschutz-eprivacy.de\/data-privacy-framework-expertenmeinung\/#respond\"]}]},{\"@type\":\"WebPage\",\"@id\":\"https:\/\/datenschutz-eprivacy.de\/data-privacy-framework-expertenmeinung\/\",\"url\":\"https:\/\/datenschutz-eprivacy.de\/data-privacy-framework-expertenmeinung\/\",\"name\":\"Microsoft 365 rechtswidrig? \u2013 was tun?\",\"isPartOf\":{\"@id\":\"https:\/\/datenschutz-eprivacy.de\/#website\"},\"primaryImageOfPage\":{\"@id\":\"https:\/\/datenschutz-eprivacy.de\/data-privacy-framework-expertenmeinung\/#primaryimage\"},\"image\":{\"@id\":\"https:\/\/datenschutz-eprivacy.de\/data-privacy-framework-expertenmeinung\/#primaryimage\"},\"thumbnailUrl\":\"https:\/\/datenschutz-eprivacy.de\/da\/wp-content\/uploads\/law-gericht-recht-hammer-richterhammer-urteil-datenschutz.jpeg\",\"datePublished\":\"2023-07-20T16:04:12+00:00\",\"dateModified\":\"2023-07-20T16:04:13+00:00\",\"description\":\"Warum ist Microsoft 365 bedenklich? \u2705 Ist die Plattform DSGVO-konform? \u2705 Wie sind Nutzer auf der sicheren Seite? \u2705\",\"breadcrumb\":{\"@id\":\"https:\/\/datenschutz-eprivacy.de\/data-privacy-framework-expertenmeinung\/#breadcrumb\"},\"inLanguage\":\"en-GB\",\"potentialAction\":[{\"@type\":\"ReadAction\",\"target\":[\"https:\/\/datenschutz-eprivacy.de\/data-privacy-framework-expertenmeinung\/\"]}]},{\"@type\":\"ImageObject\",\"inLanguage\":\"en-GB\",\"@id\":\"https:\/\/datenschutz-eprivacy.de\/data-privacy-framework-expertenmeinung\/#primaryimage\",\"url\":\"https:\/\/datenschutz-eprivacy.de\/da\/wp-content\/uploads\/law-gericht-recht-hammer-richterhammer-urteil-datenschutz.jpeg\",\"contentUrl\":\"https:\/\/datenschutz-eprivacy.de\/da\/wp-content\/uploads\/law-gericht-recht-hammer-richterhammer-urteil-datenschutz.jpeg\",\"width\":1880,\"height\":1044},{\"@type\":\"BreadcrumbList\",\"@id\":\"https:\/\/datenschutz-eprivacy.de\/data-privacy-framework-expertenmeinung\/#breadcrumb\",\"itemListElement\":[{\"@type\":\"ListItem\",\"position\":1,\"name\":\"Startseite\",\"item\":\"https:\/\/datenschutz-eprivacy.de\/\"},{\"@type\":\"ListItem\",\"position\":2,\"name\":\"Data Privacy Framework: Ist das TADPF schon jetzt rechtswidrig?\"}]},{\"@type\":\"WebSite\",\"@id\":\"https:\/\/datenschutz-eprivacy.de\/#website\",\"url\":\"https:\/\/datenschutz-eprivacy.de\/\",\"name\":\"DER Datenschutzbeauftragte f\u00fcr Deutschland\",\"description\":\"Datenschutz &amp; ePrivacy in Halle (Saale), Magdeburg, Mitteldeutschland und dar\u00fcber hinaus\",\"publisher\":{\"@id\":\"https:\/\/datenschutz-eprivacy.de\/#organization\"},\"potentialAction\":[{\"@type\":\"SearchAction\",\"target\":{\"@type\":\"EntryPoint\",\"urlTemplate\":\"https:\/\/datenschutz-eprivacy.de\/?s={search_term_string}\"},\"query-input\":{\"@type\":\"PropertyValueSpecification\",\"valueRequired\":true,\"valueName\":\"search_term_string\"}}],\"inLanguage\":\"en-GB\"},{\"@type\":\"Organization\",\"@id\":\"https:\/\/datenschutz-eprivacy.de\/#organization\",\"name\":\"DER Datenschutzbeauftragte f\u00fcr Deutschland\",\"url\":\"https:\/\/datenschutz-eprivacy.de\/\",\"logo\":{\"@type\":\"ImageObject\",\"inLanguage\":\"en-GB\",\"@id\":\"https:\/\/datenschutz-eprivacy.de\/#\/schema\/logo\/image\/\",\"url\":\"https:\/\/datenschutz-eprivacy.de\/da\/wp-content\/uploads\/DER_DATENTSCHUTZ_Logo_1000_trans.png\",\"contentUrl\":\"https:\/\/datenschutz-eprivacy.de\/da\/wp-content\/uploads\/DER_DATENTSCHUTZ_Logo_1000_trans.png\",\"width\":1000,\"height\":373,\"caption\":\"DER Datenschutzbeauftragte f\u00fcr Deutschland\"},\"image\":{\"@id\":\"https:\/\/datenschutz-eprivacy.de\/#\/schema\/logo\/image\/\"}},{\"@type\":\"Person\",\"@id\":\"https:\/\/datenschutz-eprivacy.de\/#\/schema\/person\/0c2f308b4028d75339da978fc4b77b12\",\"name\":\"Christian Allner\",\"image\":{\"@type\":\"ImageObject\",\"inLanguage\":\"en-GB\",\"@id\":\"https:\/\/datenschutz-eprivacy.de\/#\/schema\/person\/image\/\",\"url\":\"https:\/\/secure.gravatar.com\/avatar\/72ac811e3c7837373bac3507bad3959ce8d002a74dc2802688e916bb27aff82a?s=96&d=mm&r=g\",\"contentUrl\":\"https:\/\/secure.gravatar.com\/avatar\/72ac811e3c7837373bac3507bad3959ce8d002a74dc2802688e916bb27aff82a?s=96&d=mm&r=g\",\"caption\":\"Christian Allner\"},\"description\":\"Externer Datenschutz-Beauftragter in Magdeburg, Erfurt, Halle (Saale) und Leipzig\",\"url\":\"https:\/\/datenschutz-eprivacy.de\/en\/author\/christian-allner\/\"}]}<\/script>\n<!-- \/ Yoast SEO plugin. -->","yoast_head_json":{"title":"Microsoft 365 rechtswidrig? \u2013 was tun?","description":"Warum ist Microsoft 365 bedenklich? \u2705 Ist die Plattform DSGVO-konform? \u2705 Wie sind Nutzer auf der sicheren Seite? \u2705","robots":{"index":"index","follow":"follow","max-snippet":"max-snippet:-1","max-image-preview":"max-image-preview:large","max-video-preview":"max-video-preview:-1"},"canonical":"https:\/\/datenschutz-eprivacy.de\/en\/data-privacy-framework-expertenmeinung\/","og_locale":"en_GB","og_type":"article","og_title":"Microsoft 365 rechtswidrig? \u2013 was tun?","og_description":"Warum ist Microsoft 365 bedenklich? \u2705 Ist die Plattform DSGVO-konform? \u2705 Wie sind Nutzer auf der sicheren Seite? \u2705","og_url":"https:\/\/datenschutz-eprivacy.de\/en\/data-privacy-framework-expertenmeinung\/","og_site_name":"DER Datenschutzbeauftragte f\u00fcr Deutschland","article_published_time":"2023-07-20T16:04:12+00:00","article_modified_time":"2023-07-20T16:04:13+00:00","og_image":[{"width":1880,"height":1044,"url":"https:\/\/datenschutz-eprivacy.de\/da\/wp-content\/uploads\/law-gericht-recht-hammer-richterhammer-urteil-datenschutz.jpeg","type":"image\/jpeg"}],"author":"Christian Allner","twitter_card":"summary_large_image","twitter_misc":{"Written by":"Christian Allner","Estimated reading time":"4 minutes"},"schema":{"@context":"https:\/\/schema.org","@graph":[{"@type":"Article","@id":"https:\/\/datenschutz-eprivacy.de\/data-privacy-framework-expertenmeinung\/#article","isPartOf":{"@id":"https:\/\/datenschutz-eprivacy.de\/data-privacy-framework-expertenmeinung\/"},"author":{"name":"Christian Allner","@id":"https:\/\/datenschutz-eprivacy.de\/#\/schema\/person\/0c2f308b4028d75339da978fc4b77b12"},"headline":"Data Privacy Framework: Ist das TADPF schon jetzt rechtswidrig?","datePublished":"2023-07-20T16:04:12+00:00","dateModified":"2023-07-20T16:04:13+00:00","mainEntityOfPage":{"@id":"https:\/\/datenschutz-eprivacy.de\/data-privacy-framework-expertenmeinung\/"},"wordCount":693,"commentCount":0,"publisher":{"@id":"https:\/\/datenschutz-eprivacy.de\/#organization"},"image":{"@id":"https:\/\/datenschutz-eprivacy.de\/data-privacy-framework-expertenmeinung\/#primaryimage"},"thumbnailUrl":"https:\/\/datenschutz-eprivacy.de\/da\/wp-content\/uploads\/law-gericht-recht-hammer-richterhammer-urteil-datenschutz.jpeg","keywords":["Cloud","Collaboration","Datenschutz","DSGVO","Microsoft","Microsoft 365","Plattform"],"articleSection":["Europa","IT-Sicherheit"],"inLanguage":"en-GB","potentialAction":[{"@type":"CommentAction","name":"Comment","target":["https:\/\/datenschutz-eprivacy.de\/data-privacy-framework-expertenmeinung\/#respond"]}]},{"@type":"WebPage","@id":"https:\/\/datenschutz-eprivacy.de\/data-privacy-framework-expertenmeinung\/","url":"https:\/\/datenschutz-eprivacy.de\/data-privacy-framework-expertenmeinung\/","name":"Microsoft 365 rechtswidrig? \u2013 was tun?","isPartOf":{"@id":"https:\/\/datenschutz-eprivacy.de\/#website"},"primaryImageOfPage":{"@id":"https:\/\/datenschutz-eprivacy.de\/data-privacy-framework-expertenmeinung\/#primaryimage"},"image":{"@id":"https:\/\/datenschutz-eprivacy.de\/data-privacy-framework-expertenmeinung\/#primaryimage"},"thumbnailUrl":"https:\/\/datenschutz-eprivacy.de\/da\/wp-content\/uploads\/law-gericht-recht-hammer-richterhammer-urteil-datenschutz.jpeg","datePublished":"2023-07-20T16:04:12+00:00","dateModified":"2023-07-20T16:04:13+00:00","description":"Warum ist Microsoft 365 bedenklich? \u2705 Ist die Plattform DSGVO-konform? \u2705 Wie sind Nutzer auf der sicheren Seite? \u2705","breadcrumb":{"@id":"https:\/\/datenschutz-eprivacy.de\/data-privacy-framework-expertenmeinung\/#breadcrumb"},"inLanguage":"en-GB","potentialAction":[{"@type":"ReadAction","target":["https:\/\/datenschutz-eprivacy.de\/data-privacy-framework-expertenmeinung\/"]}]},{"@type":"ImageObject","inLanguage":"en-GB","@id":"https:\/\/datenschutz-eprivacy.de\/data-privacy-framework-expertenmeinung\/#primaryimage","url":"https:\/\/datenschutz-eprivacy.de\/da\/wp-content\/uploads\/law-gericht-recht-hammer-richterhammer-urteil-datenschutz.jpeg","contentUrl":"https:\/\/datenschutz-eprivacy.de\/da\/wp-content\/uploads\/law-gericht-recht-hammer-richterhammer-urteil-datenschutz.jpeg","width":1880,"height":1044},{"@type":"BreadcrumbList","@id":"https:\/\/datenschutz-eprivacy.de\/data-privacy-framework-expertenmeinung\/#breadcrumb","itemListElement":[{"@type":"ListItem","position":1,"name":"Startseite","item":"https:\/\/datenschutz-eprivacy.de\/"},{"@type":"ListItem","position":2,"name":"Data Privacy Framework: Ist das TADPF schon jetzt rechtswidrig?"}]},{"@type":"WebSite","@id":"https:\/\/datenschutz-eprivacy.de\/#website","url":"https:\/\/datenschutz-eprivacy.de\/","name":"DER Datenschutzbeauftragte f\u00fcr Deutschland","description":"Datenschutz &amp; ePrivacy in Halle (Saale), Magdeburg, Mitteldeutschland und dar\u00fcber hinaus","publisher":{"@id":"https:\/\/datenschutz-eprivacy.de\/#organization"},"potentialAction":[{"@type":"SearchAction","target":{"@type":"EntryPoint","urlTemplate":"https:\/\/datenschutz-eprivacy.de\/?s={search_term_string}"},"query-input":{"@type":"PropertyValueSpecification","valueRequired":true,"valueName":"search_term_string"}}],"inLanguage":"en-GB"},{"@type":"Organization","@id":"https:\/\/datenschutz-eprivacy.de\/#organization","name":"DER Datenschutzbeauftragte f\u00fcr Deutschland","url":"https:\/\/datenschutz-eprivacy.de\/","logo":{"@type":"ImageObject","inLanguage":"en-GB","@id":"https:\/\/datenschutz-eprivacy.de\/#\/schema\/logo\/image\/","url":"https:\/\/datenschutz-eprivacy.de\/da\/wp-content\/uploads\/DER_DATENTSCHUTZ_Logo_1000_trans.png","contentUrl":"https:\/\/datenschutz-eprivacy.de\/da\/wp-content\/uploads\/DER_DATENTSCHUTZ_Logo_1000_trans.png","width":1000,"height":373,"caption":"DER Datenschutzbeauftragte f\u00fcr Deutschland"},"image":{"@id":"https:\/\/datenschutz-eprivacy.de\/#\/schema\/logo\/image\/"}},{"@type":"Person","@id":"https:\/\/datenschutz-eprivacy.de\/#\/schema\/person\/0c2f308b4028d75339da978fc4b77b12","name":"Christian Allner","image":{"@type":"ImageObject","inLanguage":"en-GB","@id":"https:\/\/datenschutz-eprivacy.de\/#\/schema\/person\/image\/","url":"https:\/\/secure.gravatar.com\/avatar\/72ac811e3c7837373bac3507bad3959ce8d002a74dc2802688e916bb27aff82a?s=96&d=mm&r=g","contentUrl":"https:\/\/secure.gravatar.com\/avatar\/72ac811e3c7837373bac3507bad3959ce8d002a74dc2802688e916bb27aff82a?s=96&d=mm&r=g","caption":"Christian Allner"},"description":"Externer Datenschutz-Beauftragter in Magdeburg, Erfurt, Halle (Saale) und Leipzig","url":"https:\/\/datenschutz-eprivacy.de\/en\/author\/christian-allner\/"}]}},"_links":{"self":[{"href":"https:\/\/datenschutz-eprivacy.de\/en\/wp-json\/wp\/v2\/posts\/3483","targetHints":{"allow":["GET"]}}],"collection":[{"href":"https:\/\/datenschutz-eprivacy.de\/en\/wp-json\/wp\/v2\/posts"}],"about":[{"href":"https:\/\/datenschutz-eprivacy.de\/en\/wp-json\/wp\/v2\/types\/post"}],"author":[{"embeddable":true,"href":"https:\/\/datenschutz-eprivacy.de\/en\/wp-json\/wp\/v2\/users\/2"}],"replies":[{"embeddable":true,"href":"https:\/\/datenschutz-eprivacy.de\/en\/wp-json\/wp\/v2\/comments?post=3483"}],"version-history":[{"count":0,"href":"https:\/\/datenschutz-eprivacy.de\/en\/wp-json\/wp\/v2\/posts\/3483\/revisions"}],"wp:featuredmedia":[{"embeddable":true,"href":"https:\/\/datenschutz-eprivacy.de\/en\/wp-json\/wp\/v2\/media\/1834"}],"wp:attachment":[{"href":"https:\/\/datenschutz-eprivacy.de\/en\/wp-json\/wp\/v2\/media?parent=3483"}],"wp:term":[{"taxonomy":"category","embeddable":true,"href":"https:\/\/datenschutz-eprivacy.de\/en\/wp-json\/wp\/v2\/categories?post=3483"},{"taxonomy":"post_tag","embeddable":true,"href":"https:\/\/datenschutz-eprivacy.de\/en\/wp-json\/wp\/v2\/tags?post=3483"}],"curies":[{"name":"wp","href":"https:\/\/api.w.org\/{rel}","templated":true}]}}