{"id":2828,"date":"2022-04-19T07:11:00","date_gmt":"2022-04-19T05:11:00","guid":{"rendered":"https:\/\/datenschutz-eprivacy.de\/da\/?p=2828"},"modified":"2022-08-18T12:20:38","modified_gmt":"2022-08-18T10:20:38","slug":"wie-lange-dauert-der-urheberschutz","status":"publish","type":"post","link":"https:\/\/datenschutz-eprivacy.de\/en\/wie-lange-dauert-der-urheberschutz\/","title":{"rendered":"Wie lange dauert der Urheberschutz?"},"content":{"rendered":"<p><strong>Inspiration ist der Schl\u00fcssel f\u00fcr jeden K\u00fcnstler und jede K\u00fcnstlerin. Es ist der Funke, der ihre Kunstwerke entz\u00fcndet, oft Meisterwerke, die in den meisten F\u00e4llen lange Zeit im Schatten des Unbekannten wirken m\u00fcssen. Wie unheimlich das Kunstwerk allerdings auch sein mag, K\u00fcnstler versp\u00fcren oft den Wunsch, ihr Projekt zu sch\u00fctzen und ihr Eigentum an ihrer Sch\u00f6pfung festzulegen.<\/strong><\/p>\n<div id=\"ez-toc-container\" class=\"ez-toc-v2_0_79_2 counter-hierarchy ez-toc-counter ez-toc-custom ez-toc-container-direction\">\n<div class=\"ez-toc-title-container\">\n<p class=\"ez-toc-title\" style=\"cursor:inherit\">Verzeichnis<\/p>\n<span class=\"ez-toc-title-toggle\"><a href=\"#\" class=\"ez-toc-pull-right ez-toc-btn ez-toc-btn-xs ez-toc-btn-default ez-toc-toggle\" aria-label=\"Toggle Table of Content\"><span class=\"ez-toc-js-icon-con\"><span class=\"\"><span class=\"eztoc-hide\" style=\"display:none;\">Toggle<\/span><span class=\"ez-toc-icon-toggle-span\"><svg style=\"fill: #999;color:#999\" xmlns=\"http:\/\/www.w3.org\/2000\/svg\" class=\"list-377408\" width=\"20px\" height=\"20px\" viewbox=\"0 0 24 24\" fill=\"none\"><path d=\"M6 6H4v2h2V6zm14 0H8v2h12V6zM4 11h2v2H4v-2zm16 0H8v2h12v-2zM4 16h2v2H4v-2zm16 0H8v2h12v-2z\" fill=\"currentColor\"><\/path><\/svg><svg style=\"fill: #999;color:#999\" class=\"arrow-unsorted-368013\" xmlns=\"http:\/\/www.w3.org\/2000\/svg\" width=\"10px\" height=\"10px\" viewbox=\"0 0 24 24\" version=\"1.2\" baseprofile=\"tiny\"><path d=\"M18.2 9.3l-6.2-6.3-6.2 6.3c-.2.2-.3.4-.3.7s.1.5.3.7c.2.2.4.3.7.3h11c.3 0 .5-.1.7-.3.2-.2.3-.5.3-.7s-.1-.5-.3-.7zM5.8 14.7l6.2 6.3 6.2-6.3c.2-.2.3-.5.3-.7s-.1-.5-.3-.7c-.2-.2-.4-.3-.7-.3h-11c-.3 0-.5.1-.7.3-.2.2-.3.5-.3.7s.1.5.3.7z\"\/><\/svg><\/span><\/span><\/span><\/a><\/span><\/div>\n<nav><ul class='ez-toc-list ez-toc-list-level-1' ><li class='ez-toc-page-1 ez-toc-heading-level-2'><a class=\"ez-toc-link ez-toc-heading-1\" href=\"https:\/\/datenschutz-eprivacy.de\/en\/wie-lange-dauert-der-urheberschutz\/#Wie_lange_dauert_der_Urheberschutz\" >Wie lange dauert der Urheberschutz?<\/a><\/li><li class='ez-toc-page-1 ez-toc-heading-level-2'><a class=\"ez-toc-link ez-toc-heading-2\" href=\"https:\/\/datenschutz-eprivacy.de\/en\/wie-lange-dauert-der-urheberschutz\/#Wie_ist_das_Urheberrecht_international_geregelt\" >Wie ist das Urheberrecht international geregelt?<\/a><\/li><li class='ez-toc-page-1 ez-toc-heading-level-2'><a class=\"ez-toc-link ez-toc-heading-3\" href=\"https:\/\/datenschutz-eprivacy.de\/en\/wie-lange-dauert-der-urheberschutz\/#Wie_schutze_ich_als_Urheber_in_meine_Werke\" >Wie sch\u00fctze ich als Urheber:in meine Werke?<\/a><\/li><li class='ez-toc-page-1 ez-toc-heading-level-2'><a class=\"ez-toc-link ez-toc-heading-4\" href=\"https:\/\/datenschutz-eprivacy.de\/en\/wie-lange-dauert-der-urheberschutz\/#Linkliste_mit_Infos_zum_Urheberschutz\" >Linkliste mit Infos zum Urheberschutz<\/a><\/li><li class='ez-toc-page-1 ez-toc-heading-level-2'><a class=\"ez-toc-link ez-toc-heading-5\" href=\"https:\/\/datenschutz-eprivacy.de\/en\/wie-lange-dauert-der-urheberschutz\/#Und_was_nun_Unsere_Angebote\" >Und was nun? Unsere Angebote:<\/a><ul class='ez-toc-list-level-3' ><li class='ez-toc-heading-level-3'><a class=\"ez-toc-link ez-toc-heading-6\" href=\"https:\/\/datenschutz-eprivacy.de\/en\/wie-lange-dauert-der-urheberschutz\/#Datenschutz-Seminare_buchen\" >Book data protection seminars<\/a><\/li><li class='ez-toc-page-1 ez-toc-heading-level-3'><a class=\"ez-toc-link ez-toc-heading-7\" href=\"https:\/\/datenschutz-eprivacy.de\/en\/wie-lange-dauert-der-urheberschutz\/#Datenschutz-Beauftragten_bestellen\" >Datenschutz-Beauftragten bestellen<\/a><\/li><li class='ez-toc-page-1 ez-toc-heading-level-3'><a class=\"ez-toc-link ez-toc-heading-8\" href=\"https:\/\/datenschutz-eprivacy.de\/en\/wie-lange-dauert-der-urheberschutz\/#Datenschutz-Consulting_kaufen\" >Datenschutz-Consulting kaufen<\/a><\/li><\/ul><\/li><\/ul><\/nav><\/div>\n<h2><span class=\"ez-toc-section\" id=\"Wie_lange_dauert_der_Urheberschutz\"><\/span>Wie lange dauert der Urheberschutz?<span class=\"ez-toc-section-end\"><\/span><\/h2>\n<p>Das Urheberrecht sollte Sch\u00f6pfern und ihren Werken einen besonderen Schutz gew\u00e4hren, der jede unbefugte Nutzung ihres geistigen Eigentums einschr\u00e4nkt. Die Dauer dieses Schutzes endet nach einiger Zeit.<\/p>\n<p>Der Urheberrechtsschutz f\u00fcr ein Werk dauert 70 Jahre nach dem Tod des Urhebers. Das bedeutet, dass das Werk nach Ablauf dieses Zeitraums als gemeinfrei gilt und von jedermann ohne Erlaubnis, Bezahlung oder Zweckbindung verwendet werden kann.<\/p>\n<p>Diese Zeitspanne variiert je nach Art des Werks und dem Kontext, in dem es entstanden ist. Wenn also ein Autor im Alter von 20 Jahren sein erstes Buch ver\u00f6ffentlicht und mit 99 Jahren friedlich stirbt, steht sein Werk insgesamt 149 Jahre lang unter Urheberrechtsschutz. In der Zeit nach dem Tod des K\u00fcnstlers sind die Hinterbliebenen die Nutznie\u00dfer der Einnahmen, die durch die Verwertung der Werke erzielt werden, bis diese auslaufen.<\/p>\n<p>Wenn ein Werk unter die Urheberschaft mehrerer K\u00fcnstler f\u00e4llt, ist der Tod des am l\u00e4ngsten lebenden Urhebers entscheidend f\u00fcr die Dauer des Urheberrechts an diesem Werk. Bei Filmen zum Beispiel, bei denen eine gro\u00dfe Gruppe von K\u00fcnstlern und Fachleuten zusammenkommt, um ein Filmwerk zu schaffen, sind die Personen, die die Dauer des Urheberrechts beeinflussen, der Hauptregisseur, der Drehbuchautor, der Drehbuchautor und der Musikkomponist. Erst nach dem Tod der am l\u00e4ngsten lebenden Person aus dieser Gruppe beginnt die Legitimation der 70-Jahres-Frist.<\/p>\n<p>Bei anonymen oder pseudonymen Werken, bei denen die Urheber unbekannt sind, k\u00f6nnen ihre Werke nach ihrem Tod nicht f\u00fcr dieselbe Dauer urheberrechtlich gesch\u00fctzt werden, es sei denn, ihre Identit\u00e4t wird so festgestellt, dass kein Zweifel daran besteht, dass sie tats\u00e4chlich die Urheber der Werke sind.<\/p>\n<h2><span class=\"ez-toc-section\" id=\"Wie_ist_das_Urheberrecht_international_geregelt\"><\/span>Wie ist das Urheberrecht international geregelt?<span class=\"ez-toc-section-end\"><\/span><\/h2>\n<p>Auf internationaler Ebene ist es so, dass das Urheberrecht so geregelt ist, dass die Mitgliedsstaaten einen einheitlichen Standard haben. Die Berner \u00dcbereinkunft zum Schutz von Werken der Literatur und Kunst ist in diesem Zusammenhang von entscheidender Bedeutung. Mehr als 175 L\u00e4nder haben diese \u00dcbereinkunft unterzeichnet und garantieren damit eine Schutzdauer von mindestens 50 Jahren, die jedes Land verl\u00e4ngern kann, wenn es sich daf\u00fcr entscheidet. Dennoch einigten sich die Mitgliedstaaten der Europ\u00e4ischen Union 1993 auf eine Zeitspanne von 70 Jahren, gefolgt von den USA, die ein Jahr sp\u00e4ter den Sonny Bono Copyright Term Extension Act verabschiedeten.<\/p>\n<p>Heute wirkt in Mexiko der l\u00e4ngste Standard-Urheberrechtsschutz der Welt. In diesem Land sind k\u00fcnstlerische Werke 100 Jahre lang nach dem Tod des Urhebers gesch\u00fctzt, was weltweit einmalig ist.<\/p>\n<h2><span class=\"ez-toc-section\" id=\"Wie_schutze_ich_als_Urheber_in_meine_Werke\"><\/span>Wie sch\u00fctze ich als Urheber:in meine Werke?<span class=\"ez-toc-section-end\"><\/span><\/h2>\n<p>Weitere wichtige Schritte zum Schutz einer originellen Idee sind:<\/p>\n<ul>\n<li>Geheimhaltung. Halten Sie es so lange wie m\u00f6glich geheim, bevor Sie es \u00f6ffentlich machen. Warten Sie, bis Sie so weit sind, dass jeder Ihr Werk sehen und genie\u00dfen kann. Stellen Sie au\u00dferdem sicher, dass alle digitalen Dokumente mit einem Passwort gesch\u00fctzt sind.<\/li>\n<li>Registrieren Sie eine Marke. Ob es sich um einen Slogan, ein Bild, einen Ton oder ein Logo handelt, sie k\u00f6nnen markenrechtlich gesch\u00fctzt werden. Bei einer Eintragung der Marke beim DPMA gilt der Schutz zeitlich unbegrenzt, allerdings gegen Geb\u00fchren.<\/li>\n<li>Lassen Sie sich von einem Anwalt beraten. Wenn Sie nicht wissen, was das Beste f\u00fcr Sie oder Ihre Arbeit ist, wenden Sie sich an einen Anwalt. Er kann Sie genau und umfassend dar\u00fcber informieren, welche M\u00f6glichkeiten es gibt und was f\u00fcr Ihren Fall am besten geeignet ist.<\/li>\n<\/ul>\n<h2><span class=\"ez-toc-section\" id=\"Linkliste_mit_Infos_zum_Urheberschutz\"><\/span>Linkliste mit Infos zum Urheberschutz<span class=\"ez-toc-section-end\"><\/span><\/h2>\n\n<!-- wp:html--><div class=\"gridContainer\">\n<div class=\"iframely-embed\"><div class=\"iframely-responsive\" style=\"padding-bottom: 49.3088%; padding-top: 120px;\"><a href=\"https:\/\/www.urheberrecht.de\/dauer\/\" data-iframely-url=\"\/\/iframely.net\/oje8T6Y\"><\/a><\/div><\/div><script async=\"\" src=\"\/\/iframely.net\/embed.js\" charset=\"utf-8\"><\/script>\n<\/div><!-- \/wp:html-->\n\n<!-- wp:group {\"align\":\"wide\",\"style\":{\"color\":{\"text\":\"#000000\",\"background\":\"#ffffff\"}}}--><div class=\"gridContainer\">\n<div class=\"wp-block-group alignwide has-text-color has-background\" style=\"background-color:#ffffff;color:#000000\"><div class=\"wp-block-group__inner-container\"><!-- wp:heading--><div class=\"gridContainer\">\n<h2><span class=\"ez-toc-section\" id=\"Und_was_nun_Unsere_Angebote\"><\/span>Und was nun? Unsere Angebote:<span class=\"ez-toc-section-end\"><\/span><\/h2>\n<\/div><!-- \/wp:heading-->\n\n<!-- wp:freeform--><div class=\"gridContainer\">\n<p>DER Datenschutzbeauftragte: Christian Allner ist Experte in Datenschutzrecht und Datenschutzpraxis, beruflich qualifiziert und unabh\u00e4ngig. Seit 2013 f\u00fchrt er regelm\u00e4\u00dfig Weiterbildungen zu Datenschutz und Datensicherheit durch und coacht Unternehmen. Kontaktieren Sie gern uns oder beauftragen Sie uns direkt hier. Wir helfen Ihnen weiter:<\/p>\n<\/div><!-- \/wp:freeform-->\n\n<!-- wp:columns {\"align\":\"wide\"}--><div class=\"gridContainer\">\n<div class=\"wp-block-columns alignwide\"><!-- wp:column {\"className\":\"has-text-color has-background has-link-color\"}--><div class=\"gridContainer\">\n<div class=\"wp-block-column has-text-color has-background has-link-color\"><!-- wp:heading {\"level\":3,\"style\":{\"typography\":{\"fontSize\":\"40px\"}}}--><div class=\"gridContainer\">\n<h3 id=\"single\" style=\"font-size:40px\"><span class=\"ez-toc-section\" id=\"Datenschutz-Seminare_buchen\"><\/span><strong>Book data protection seminars<\/strong><span class=\"ez-toc-section-end\"><\/span><\/h3>\n<\/div><!-- \/wp:heading-->\n\n<!-- wp:paragraph {\"style\":{\"typography\":{\"lineHeight\":\"1.5\"}},\"fontSize\":\"normal\"}--><div class=\"gridContainer\">\n<p class=\"has-normal-font-size\" style=\"line-height:1.5\"><\/p>\n<\/div><!-- \/wp:paragraph-->\n\n<!-- wp:separator {\"customColor\":\"#000000\",\"className\":\"is-style-wide\"}--><div class=\"gridContainer\">\n<hr class=\"wp-block-separator has-text-color has-background is-style-wide\" style=\"background-color:#000000;color:#000000\"\/>\n<\/div><!-- \/wp:separator-->\n\n<!-- wp:list {\"fontSize\":\"normal\"}--><div class=\"gridContainer\">\n<ul class=\"has-normal-font-size\"><li>Thema \u201eRechtssicherheit im Netz\u201c<\/li><li>Thema \u201eDatenschutz und Datensicherheit: Medienkompetenz, DSGVO &amp; Co.\u201c<\/li><li>Thema \u201eDSGVO in 30 Minuten\u201c <\/li><li>(exkl. Reisekosten)<\/li><\/ul>\n<\/div><!-- \/wp:list-->\n\n<!-- wp:buttons {\"align\":\"full\"}--><div class=\"gridContainer\">\n<div class=\"wp-block-buttons alignfull\"><!-- wp:button {\"style\":{\"color\":{\"background\":\"#f0c131\"}},\"textColor\":\"black\",\"width\":100}--><div class=\"gridContainer\">\n<div class=\"wp-block-button has-custom-width wp-block-button__width-100\"><a class=\"wp-block-button__link has-black-color has-text-color has-background\" href=\"https:\/\/datenschutz-eprivacy.de\/en\/da\/datenschutz-seminare\/\" style=\"background-color:#f0c131\" target=\"_blank\" rel=\"noreferrer noopener\">Book data protection seminars<\/a><\/div>\n<\/div><!-- \/wp:button--><\/div>\n<\/div><!-- \/wp:buttons--><\/div>\n<\/div><!-- \/wp:column-->\n\n<!-- wp:column {\"className\":\"has-white-color has-text-color has-background has-link-color\"}--><div class=\"gridContainer\">\n<div class=\"wp-block-column has-white-color has-text-color has-background has-link-color\"><!-- wp:heading {\"level\":3,\"style\":{\"typography\":{\"fontSize\":\"40px\"}},\"textColor\":\"black\"}--><div class=\"gridContainer\">\n<h3 class=\"has-black-color has-text-color\" id=\"single\" style=\"font-size:40px\"><span class=\"ez-toc-section\" id=\"Datenschutz-Beauftragten_bestellen\"><\/span><strong>Datenschutz-Beauftragten bestellen<\/strong><span class=\"ez-toc-section-end\"><\/span><\/h3>\n<\/div><!-- \/wp:heading-->\n\n<!-- wp:paragraph {\"style\":{\"typography\":{\"lineHeight\":\"1.5\"}},\"textColor\":\"black\",\"fontSize\":\"normal\"}--><div class=\"gridContainer\">\n<p class=\"has-black-color has-text-color has-normal-font-size\" style=\"line-height:1.5\"><\/p>\n<\/div><!-- \/wp:paragraph-->\n\n<!-- wp:separator {\"customColor\":\"#000000\",\"className\":\"is-style-wide\"}--><div class=\"gridContainer\">\n<hr class=\"wp-block-separator has-text-color has-background is-style-wide\" style=\"background-color:#000000;color:#000000\"\/>\n<\/div><!-- \/wp:separator-->\n\n<!-- wp:list {\"textColor\":\"black\",\"fontSize\":\"normal\"}--><div class=\"gridContainer\">\n<ul class=\"has-black-color has-text-color has-normal-font-size\"><li>gem. Art. 37-39 DSGVO und \u00a7\u00a7 4f; 38 BDSG (2018)<\/li><li>Unterrichtung und Beratung des Verantwortlichen; DSGVO-Einhaltungs\u00fcberwachung<\/li><li>Data protection analysis<\/li><li>Training and education for your employees<\/li><li>Technische und organisatorische Ma\u00dfnahmen (TOM) anfertigen<\/li><li>Verzeichnis von Verarbeitungst\u00e4tigkeiten (VZV) erstellen<\/li><li>Datenschutz-Folgenabsch\u00e4tzungen (DFA) und andere DSB-T\u00e4tigkeiten durchf\u00fchren <\/li><li>Anlaufstelle und Ansprechpartner f\u00fcr Aufsichtsbeh\u00f6rden<\/li><\/ul>\n<\/div><!-- \/wp:list-->\n\n<!-- wp:buttons {\"align\":\"full\"}--><div class=\"gridContainer\">\n<div class=\"wp-block-buttons alignfull\"><!-- wp:button {\"style\":{\"color\":{\"background\":\"#f0c131\"}},\"textColor\":\"black\",\"width\":100}--><div class=\"gridContainer\">\n<div class=\"wp-block-button has-custom-width wp-block-button__width-100\"><a class=\"wp-block-button__link has-black-color has-text-color has-background\" href=\"https:\/\/datenschutz-eprivacy.de\/en\/da\/dienstleistungen\/datenschutzbeauftragter-bestellen\/\" style=\"background-color:#f0c131\" target=\"_blank\" rel=\"noreferrer noopener\">Datenschutz-Beauftragten bestellen!<\/a><\/div>\n<\/div><!-- \/wp:button--><\/div>\n<\/div><!-- \/wp:buttons--><\/div>\n<\/div><!-- \/wp:column-->\n\n<!-- wp:column {\"className\":\"has-text-color has-background has-link-color\"}--><div class=\"gridContainer\">\n<div class=\"wp-block-column has-text-color has-background has-link-color\"><!-- wp:heading {\"level\":3,\"style\":{\"typography\":{\"fontSize\":\"40px\"}}}--><div class=\"gridContainer\">\n<h3 id=\"single\" style=\"font-size:40px\"><span class=\"ez-toc-section\" id=\"Datenschutz-Consulting_kaufen\"><\/span><strong>Datenschutz-Consulting kaufen<\/strong><span class=\"ez-toc-section-end\"><\/span><\/h3>\n<\/div><!-- \/wp:heading-->\n\n<!-- wp:paragraph {\"style\":{\"typography\":{\"lineHeight\":\"1.5\"}},\"fontSize\":\"normal\"}--><div class=\"gridContainer\">\n<p class=\"has-normal-font-size\" style=\"line-height:1.5\"><\/p>\n<\/div><!-- \/wp:paragraph-->\n\n<!-- wp:separator {\"customColor\":\"#000000\",\"className\":\"is-style-wide\"}--><div class=\"gridContainer\">\n<hr class=\"wp-block-separator has-text-color has-background is-style-wide\" style=\"background-color:#000000;color:#000000\"\/>\n<\/div><!-- \/wp:separator-->\n\n<!-- wp:list {\"fontSize\":\"normal\"}--><div class=\"gridContainer\">\n<ul class=\"has-normal-font-size\"><li>Impressum oder Datenschutz-Erkl\u00e4rung erstellen<\/li><li>Kompetente individuelle Beratung<\/li><li>Audits, Consulting zu Datenschutz, Digitalisierung, DSGVO &amp; BDSG<\/li><li>(exkl. Reisekosten)<\/li><\/ul>\n<\/div><!-- \/wp:list-->\n\n<!-- wp:buttons {\"align\":\"full\"}--><div class=\"gridContainer\">\n<div class=\"wp-block-buttons alignfull\"><!-- wp:button {\"style\":{\"color\":{\"background\":\"#f0c131\"}},\"textColor\":\"black\",\"width\":100}--><div class=\"gridContainer\">\n<div class=\"wp-block-button has-custom-width wp-block-button__width-100\"><a class=\"wp-block-button__link has-black-color has-text-color has-background\" href=\"https:\/\/datenschutz-eprivacy.de\/en\/da\/datenschutz-beratung\/\" style=\"background-color:#f0c131\" target=\"_blank\" rel=\"noreferrer noopener\">Datenschutz-Consulting kaufen<\/a><\/div>\n<\/div><!-- \/wp:button--><\/div>\n<\/div><!-- \/wp:buttons--><\/div>\n<\/div><!-- \/wp:column--><\/div>\n<\/div><!-- \/wp:columns--><\/div><\/div>\n<\/div><!-- \/wp:group-->\n\n<!-- wp:paragraph--><div class=\"gridContainer\">\n<p><\/p>\n<\/div><!-- \/wp:paragraph-->","protected":false},"excerpt":{"rendered":"<p>Inspiration ist der Schl\u00fcssel f\u00fcr jeden K\u00fcnstler und jede K\u00fcnstlerin. Es ist der Funke, der ihre Kunstwerke entz\u00fcndet, oft Meisterwerke, die in den meisten F\u00e4llen lange Zeit im Schatten des Unbekannten wirken m\u00fcssen. Wie unheimlich das Kunstwerk allerdings auch sein mag, K\u00fcnstler versp\u00fcren oft den Wunsch, ihr Projekt zu sch\u00fctzen und ihr Eigentum an ihrer&nbsp;&hellip;<\/p>","protected":false},"author":2,"featured_media":1529,"comment_status":"open","ping_status":"open","sticky":false,"template":"","format":"standard","meta":{"iawp_total_views":8,"footnotes":""},"categories":[5],"tags":[101,100,99],"class_list":["post-2828","post","type-post","status-publish","format-standard","has-post-thumbnail","hentry","category-recht","tag-geistiges-eigentum","tag-schutz","tag-urheberrecht"],"yoast_head":"<!-- This site is optimized with the Yoast SEO plugin v27.0 - https:\/\/yoast.com\/product\/yoast-seo-wordpress\/ -->\n<title>Wie lange dauert der Urheberschutz? - DER Datenschutzbeauftragte f\u00fcr Deutschland<\/title>\n<meta name=\"robots\" content=\"index, follow, max-snippet:-1, max-image-preview:large, max-video-preview:-1\" \/>\n<link rel=\"canonical\" href=\"https:\/\/datenschutz-eprivacy.de\/en\/wie-lange-dauert-der-urheberschutz\/\" \/>\n<meta property=\"og:locale\" content=\"en_GB\" \/>\n<meta property=\"og:type\" content=\"article\" \/>\n<meta property=\"og:title\" content=\"Wie lange dauert der Urheberschutz? - DER Datenschutzbeauftragte f\u00fcr Deutschland\" \/>\n<meta property=\"og:description\" content=\"Inspiration ist der Schl\u00fcssel f\u00fcr jeden K\u00fcnstler und jede K\u00fcnstlerin. Es ist der Funke, der ihre Kunstwerke entz\u00fcndet, oft Meisterwerke, die in den meisten F\u00e4llen lange Zeit im Schatten des Unbekannten wirken m\u00fcssen. Wie unheimlich das Kunstwerk allerdings auch sein mag, K\u00fcnstler versp\u00fcren oft den Wunsch, ihr Projekt zu sch\u00fctzen und ihr Eigentum an ihrer&nbsp;&hellip;\" \/>\n<meta property=\"og:url\" content=\"https:\/\/datenschutz-eprivacy.de\/en\/wie-lange-dauert-der-urheberschutz\/\" \/>\n<meta property=\"og:site_name\" content=\"DER Datenschutzbeauftragte f\u00fcr Deutschland\" \/>\n<meta property=\"article:published_time\" content=\"2022-04-19T05:11:00+00:00\" \/>\n<meta property=\"article:modified_time\" content=\"2022-08-18T10:20:38+00:00\" \/>\n<meta property=\"og:image\" content=\"https:\/\/datenschutz-eprivacy.de\/da\/wp-content\/uploads\/frau-am-computer-mit-smartphone-auftragsverarbeitung-datenschutz.jpeg\" \/>\n\t<meta property=\"og:image:width\" content=\"1880\" \/>\n\t<meta property=\"og:image:height\" content=\"1253\" \/>\n\t<meta property=\"og:image:type\" content=\"image\/jpeg\" \/>\n<meta name=\"author\" content=\"Christian Allner\" \/>\n<meta name=\"twitter:card\" content=\"summary_large_image\" \/>\n<meta name=\"twitter:label1\" content=\"Written by\" \/>\n\t<meta name=\"twitter:data1\" content=\"Christian Allner\" \/>\n\t<meta name=\"twitter:label2\" content=\"Estimated reading time\" \/>\n\t<meta name=\"twitter:data2\" content=\"4 minutes\" \/>\n<script type=\"application\/ld+json\" class=\"yoast-schema-graph\">{\"@context\":\"https:\/\/schema.org\",\"@graph\":[{\"@type\":\"Article\",\"@id\":\"https:\/\/datenschutz-eprivacy.de\/wie-lange-dauert-der-urheberschutz\/#article\",\"isPartOf\":{\"@id\":\"https:\/\/datenschutz-eprivacy.de\/wie-lange-dauert-der-urheberschutz\/\"},\"author\":{\"name\":\"Christian Allner\",\"@id\":\"https:\/\/datenschutz-eprivacy.de\/#\/schema\/person\/0c2f308b4028d75339da978fc4b77b12\"},\"headline\":\"Wie lange dauert der Urheberschutz?\",\"datePublished\":\"2022-04-19T05:11:00+00:00\",\"dateModified\":\"2022-08-18T10:20:38+00:00\",\"mainEntityOfPage\":{\"@id\":\"https:\/\/datenschutz-eprivacy.de\/wie-lange-dauert-der-urheberschutz\/\"},\"wordCount\":790,\"commentCount\":0,\"publisher\":{\"@id\":\"https:\/\/datenschutz-eprivacy.de\/#organization\"},\"image\":{\"@id\":\"https:\/\/datenschutz-eprivacy.de\/wie-lange-dauert-der-urheberschutz\/#primaryimage\"},\"thumbnailUrl\":\"https:\/\/datenschutz-eprivacy.de\/da\/wp-content\/uploads\/frau-am-computer-mit-smartphone-auftragsverarbeitung-datenschutz.jpeg\",\"keywords\":[\"geistiges eigentum\",\"schutz\",\"urheberrecht\"],\"articleSection\":[\"Recht\"],\"inLanguage\":\"en-GB\",\"potentialAction\":[{\"@type\":\"CommentAction\",\"name\":\"Comment\",\"target\":[\"https:\/\/datenschutz-eprivacy.de\/wie-lange-dauert-der-urheberschutz\/#respond\"]}]},{\"@type\":\"WebPage\",\"@id\":\"https:\/\/datenschutz-eprivacy.de\/wie-lange-dauert-der-urheberschutz\/\",\"url\":\"https:\/\/datenschutz-eprivacy.de\/wie-lange-dauert-der-urheberschutz\/\",\"name\":\"Wie lange dauert der Urheberschutz? - DER Datenschutzbeauftragte f\u00fcr Deutschland\",\"isPartOf\":{\"@id\":\"https:\/\/datenschutz-eprivacy.de\/#website\"},\"primaryImageOfPage\":{\"@id\":\"https:\/\/datenschutz-eprivacy.de\/wie-lange-dauert-der-urheberschutz\/#primaryimage\"},\"image\":{\"@id\":\"https:\/\/datenschutz-eprivacy.de\/wie-lange-dauert-der-urheberschutz\/#primaryimage\"},\"thumbnailUrl\":\"https:\/\/datenschutz-eprivacy.de\/da\/wp-content\/uploads\/frau-am-computer-mit-smartphone-auftragsverarbeitung-datenschutz.jpeg\",\"datePublished\":\"2022-04-19T05:11:00+00:00\",\"dateModified\":\"2022-08-18T10:20:38+00:00\",\"breadcrumb\":{\"@id\":\"https:\/\/datenschutz-eprivacy.de\/wie-lange-dauert-der-urheberschutz\/#breadcrumb\"},\"inLanguage\":\"en-GB\",\"potentialAction\":[{\"@type\":\"ReadAction\",\"target\":[\"https:\/\/datenschutz-eprivacy.de\/wie-lange-dauert-der-urheberschutz\/\"]}]},{\"@type\":\"ImageObject\",\"inLanguage\":\"en-GB\",\"@id\":\"https:\/\/datenschutz-eprivacy.de\/wie-lange-dauert-der-urheberschutz\/#primaryimage\",\"url\":\"https:\/\/datenschutz-eprivacy.de\/da\/wp-content\/uploads\/frau-am-computer-mit-smartphone-auftragsverarbeitung-datenschutz.jpeg\",\"contentUrl\":\"https:\/\/datenschutz-eprivacy.de\/da\/wp-content\/uploads\/frau-am-computer-mit-smartphone-auftragsverarbeitung-datenschutz.jpeg\",\"width\":1880,\"height\":1253,\"caption\":\"Auftragsverarbeitungsvertrag im Kontext der DSGVO\"},{\"@type\":\"BreadcrumbList\",\"@id\":\"https:\/\/datenschutz-eprivacy.de\/wie-lange-dauert-der-urheberschutz\/#breadcrumb\",\"itemListElement\":[{\"@type\":\"ListItem\",\"position\":1,\"name\":\"Startseite\",\"item\":\"https:\/\/datenschutz-eprivacy.de\/\"},{\"@type\":\"ListItem\",\"position\":2,\"name\":\"Wie lange dauert der Urheberschutz?\"}]},{\"@type\":\"WebSite\",\"@id\":\"https:\/\/datenschutz-eprivacy.de\/#website\",\"url\":\"https:\/\/datenschutz-eprivacy.de\/\",\"name\":\"DER Datenschutzbeauftragte f\u00fcr Deutschland\",\"description\":\"Datenschutz &amp; ePrivacy in Halle (Saale), Magdeburg, Mitteldeutschland und dar\u00fcber hinaus\",\"publisher\":{\"@id\":\"https:\/\/datenschutz-eprivacy.de\/#organization\"},\"potentialAction\":[{\"@type\":\"SearchAction\",\"target\":{\"@type\":\"EntryPoint\",\"urlTemplate\":\"https:\/\/datenschutz-eprivacy.de\/?s={search_term_string}\"},\"query-input\":{\"@type\":\"PropertyValueSpecification\",\"valueRequired\":true,\"valueName\":\"search_term_string\"}}],\"inLanguage\":\"en-GB\"},{\"@type\":\"Organization\",\"@id\":\"https:\/\/datenschutz-eprivacy.de\/#organization\",\"name\":\"DER Datenschutzbeauftragte f\u00fcr Deutschland\",\"url\":\"https:\/\/datenschutz-eprivacy.de\/\",\"logo\":{\"@type\":\"ImageObject\",\"inLanguage\":\"en-GB\",\"@id\":\"https:\/\/datenschutz-eprivacy.de\/#\/schema\/logo\/image\/\",\"url\":\"https:\/\/datenschutz-eprivacy.de\/da\/wp-content\/uploads\/DER_DATENTSCHUTZ_Logo_1000_trans.png\",\"contentUrl\":\"https:\/\/datenschutz-eprivacy.de\/da\/wp-content\/uploads\/DER_DATENTSCHUTZ_Logo_1000_trans.png\",\"width\":1000,\"height\":373,\"caption\":\"DER Datenschutzbeauftragte f\u00fcr Deutschland\"},\"image\":{\"@id\":\"https:\/\/datenschutz-eprivacy.de\/#\/schema\/logo\/image\/\"}},{\"@type\":\"Person\",\"@id\":\"https:\/\/datenschutz-eprivacy.de\/#\/schema\/person\/0c2f308b4028d75339da978fc4b77b12\",\"name\":\"Christian Allner\",\"image\":{\"@type\":\"ImageObject\",\"inLanguage\":\"en-GB\",\"@id\":\"https:\/\/datenschutz-eprivacy.de\/#\/schema\/person\/image\/\",\"url\":\"https:\/\/secure.gravatar.com\/avatar\/72ac811e3c7837373bac3507bad3959ce8d002a74dc2802688e916bb27aff82a?s=96&d=mm&r=g\",\"contentUrl\":\"https:\/\/secure.gravatar.com\/avatar\/72ac811e3c7837373bac3507bad3959ce8d002a74dc2802688e916bb27aff82a?s=96&d=mm&r=g\",\"caption\":\"Christian Allner\"},\"description\":\"Externer Datenschutz-Beauftragter in Magdeburg, Erfurt, Halle (Saale) und Leipzig\",\"url\":\"https:\/\/datenschutz-eprivacy.de\/en\/author\/christian-allner\/\"}]}<\/script>\n<!-- \/ Yoast SEO plugin. -->","yoast_head_json":{"title":"Wie lange dauert der Urheberschutz? - DER Datenschutzbeauftragte f\u00fcr Deutschland","robots":{"index":"index","follow":"follow","max-snippet":"max-snippet:-1","max-image-preview":"max-image-preview:large","max-video-preview":"max-video-preview:-1"},"canonical":"https:\/\/datenschutz-eprivacy.de\/en\/wie-lange-dauert-der-urheberschutz\/","og_locale":"en_GB","og_type":"article","og_title":"Wie lange dauert der Urheberschutz? - DER Datenschutzbeauftragte f\u00fcr Deutschland","og_description":"Inspiration ist der Schl\u00fcssel f\u00fcr jeden K\u00fcnstler und jede K\u00fcnstlerin. Es ist der Funke, der ihre Kunstwerke entz\u00fcndet, oft Meisterwerke, die in den meisten F\u00e4llen lange Zeit im Schatten des Unbekannten wirken m\u00fcssen. Wie unheimlich das Kunstwerk allerdings auch sein mag, K\u00fcnstler versp\u00fcren oft den Wunsch, ihr Projekt zu sch\u00fctzen und ihr Eigentum an ihrer&nbsp;&hellip;","og_url":"https:\/\/datenschutz-eprivacy.de\/en\/wie-lange-dauert-der-urheberschutz\/","og_site_name":"DER Datenschutzbeauftragte f\u00fcr Deutschland","article_published_time":"2022-04-19T05:11:00+00:00","article_modified_time":"2022-08-18T10:20:38+00:00","og_image":[{"width":1880,"height":1253,"url":"https:\/\/datenschutz-eprivacy.de\/da\/wp-content\/uploads\/frau-am-computer-mit-smartphone-auftragsverarbeitung-datenschutz.jpeg","type":"image\/jpeg"}],"author":"Christian Allner","twitter_card":"summary_large_image","twitter_misc":{"Written by":"Christian Allner","Estimated reading time":"4 minutes"},"schema":{"@context":"https:\/\/schema.org","@graph":[{"@type":"Article","@id":"https:\/\/datenschutz-eprivacy.de\/wie-lange-dauert-der-urheberschutz\/#article","isPartOf":{"@id":"https:\/\/datenschutz-eprivacy.de\/wie-lange-dauert-der-urheberschutz\/"},"author":{"name":"Christian Allner","@id":"https:\/\/datenschutz-eprivacy.de\/#\/schema\/person\/0c2f308b4028d75339da978fc4b77b12"},"headline":"Wie lange dauert der Urheberschutz?","datePublished":"2022-04-19T05:11:00+00:00","dateModified":"2022-08-18T10:20:38+00:00","mainEntityOfPage":{"@id":"https:\/\/datenschutz-eprivacy.de\/wie-lange-dauert-der-urheberschutz\/"},"wordCount":790,"commentCount":0,"publisher":{"@id":"https:\/\/datenschutz-eprivacy.de\/#organization"},"image":{"@id":"https:\/\/datenschutz-eprivacy.de\/wie-lange-dauert-der-urheberschutz\/#primaryimage"},"thumbnailUrl":"https:\/\/datenschutz-eprivacy.de\/da\/wp-content\/uploads\/frau-am-computer-mit-smartphone-auftragsverarbeitung-datenschutz.jpeg","keywords":["geistiges eigentum","schutz","urheberrecht"],"articleSection":["Recht"],"inLanguage":"en-GB","potentialAction":[{"@type":"CommentAction","name":"Comment","target":["https:\/\/datenschutz-eprivacy.de\/wie-lange-dauert-der-urheberschutz\/#respond"]}]},{"@type":"WebPage","@id":"https:\/\/datenschutz-eprivacy.de\/wie-lange-dauert-der-urheberschutz\/","url":"https:\/\/datenschutz-eprivacy.de\/wie-lange-dauert-der-urheberschutz\/","name":"Wie lange dauert der Urheberschutz? - DER Datenschutzbeauftragte f\u00fcr Deutschland","isPartOf":{"@id":"https:\/\/datenschutz-eprivacy.de\/#website"},"primaryImageOfPage":{"@id":"https:\/\/datenschutz-eprivacy.de\/wie-lange-dauert-der-urheberschutz\/#primaryimage"},"image":{"@id":"https:\/\/datenschutz-eprivacy.de\/wie-lange-dauert-der-urheberschutz\/#primaryimage"},"thumbnailUrl":"https:\/\/datenschutz-eprivacy.de\/da\/wp-content\/uploads\/frau-am-computer-mit-smartphone-auftragsverarbeitung-datenschutz.jpeg","datePublished":"2022-04-19T05:11:00+00:00","dateModified":"2022-08-18T10:20:38+00:00","breadcrumb":{"@id":"https:\/\/datenschutz-eprivacy.de\/wie-lange-dauert-der-urheberschutz\/#breadcrumb"},"inLanguage":"en-GB","potentialAction":[{"@type":"ReadAction","target":["https:\/\/datenschutz-eprivacy.de\/wie-lange-dauert-der-urheberschutz\/"]}]},{"@type":"ImageObject","inLanguage":"en-GB","@id":"https:\/\/datenschutz-eprivacy.de\/wie-lange-dauert-der-urheberschutz\/#primaryimage","url":"https:\/\/datenschutz-eprivacy.de\/da\/wp-content\/uploads\/frau-am-computer-mit-smartphone-auftragsverarbeitung-datenschutz.jpeg","contentUrl":"https:\/\/datenschutz-eprivacy.de\/da\/wp-content\/uploads\/frau-am-computer-mit-smartphone-auftragsverarbeitung-datenschutz.jpeg","width":1880,"height":1253,"caption":"Auftragsverarbeitungsvertrag im Kontext der DSGVO"},{"@type":"BreadcrumbList","@id":"https:\/\/datenschutz-eprivacy.de\/wie-lange-dauert-der-urheberschutz\/#breadcrumb","itemListElement":[{"@type":"ListItem","position":1,"name":"Startseite","item":"https:\/\/datenschutz-eprivacy.de\/"},{"@type":"ListItem","position":2,"name":"Wie lange dauert der Urheberschutz?"}]},{"@type":"WebSite","@id":"https:\/\/datenschutz-eprivacy.de\/#website","url":"https:\/\/datenschutz-eprivacy.de\/","name":"DER Datenschutzbeauftragte f\u00fcr Deutschland","description":"Datenschutz &amp; ePrivacy in Halle (Saale), Magdeburg, Mitteldeutschland und dar\u00fcber hinaus","publisher":{"@id":"https:\/\/datenschutz-eprivacy.de\/#organization"},"potentialAction":[{"@type":"SearchAction","target":{"@type":"EntryPoint","urlTemplate":"https:\/\/datenschutz-eprivacy.de\/?s={search_term_string}"},"query-input":{"@type":"PropertyValueSpecification","valueRequired":true,"valueName":"search_term_string"}}],"inLanguage":"en-GB"},{"@type":"Organization","@id":"https:\/\/datenschutz-eprivacy.de\/#organization","name":"DER Datenschutzbeauftragte f\u00fcr Deutschland","url":"https:\/\/datenschutz-eprivacy.de\/","logo":{"@type":"ImageObject","inLanguage":"en-GB","@id":"https:\/\/datenschutz-eprivacy.de\/#\/schema\/logo\/image\/","url":"https:\/\/datenschutz-eprivacy.de\/da\/wp-content\/uploads\/DER_DATENTSCHUTZ_Logo_1000_trans.png","contentUrl":"https:\/\/datenschutz-eprivacy.de\/da\/wp-content\/uploads\/DER_DATENTSCHUTZ_Logo_1000_trans.png","width":1000,"height":373,"caption":"DER Datenschutzbeauftragte f\u00fcr Deutschland"},"image":{"@id":"https:\/\/datenschutz-eprivacy.de\/#\/schema\/logo\/image\/"}},{"@type":"Person","@id":"https:\/\/datenschutz-eprivacy.de\/#\/schema\/person\/0c2f308b4028d75339da978fc4b77b12","name":"Christian Allner","image":{"@type":"ImageObject","inLanguage":"en-GB","@id":"https:\/\/datenschutz-eprivacy.de\/#\/schema\/person\/image\/","url":"https:\/\/secure.gravatar.com\/avatar\/72ac811e3c7837373bac3507bad3959ce8d002a74dc2802688e916bb27aff82a?s=96&d=mm&r=g","contentUrl":"https:\/\/secure.gravatar.com\/avatar\/72ac811e3c7837373bac3507bad3959ce8d002a74dc2802688e916bb27aff82a?s=96&d=mm&r=g","caption":"Christian Allner"},"description":"Externer Datenschutz-Beauftragter in Magdeburg, Erfurt, Halle (Saale) und Leipzig","url":"https:\/\/datenschutz-eprivacy.de\/en\/author\/christian-allner\/"}]}},"_links":{"self":[{"href":"https:\/\/datenschutz-eprivacy.de\/en\/wp-json\/wp\/v2\/posts\/2828","targetHints":{"allow":["GET"]}}],"collection":[{"href":"https:\/\/datenschutz-eprivacy.de\/en\/wp-json\/wp\/v2\/posts"}],"about":[{"href":"https:\/\/datenschutz-eprivacy.de\/en\/wp-json\/wp\/v2\/types\/post"}],"author":[{"embeddable":true,"href":"https:\/\/datenschutz-eprivacy.de\/en\/wp-json\/wp\/v2\/users\/2"}],"replies":[{"embeddable":true,"href":"https:\/\/datenschutz-eprivacy.de\/en\/wp-json\/wp\/v2\/comments?post=2828"}],"version-history":[{"count":0,"href":"https:\/\/datenschutz-eprivacy.de\/en\/wp-json\/wp\/v2\/posts\/2828\/revisions"}],"wp:featuredmedia":[{"embeddable":true,"href":"https:\/\/datenschutz-eprivacy.de\/en\/wp-json\/wp\/v2\/media\/1529"}],"wp:attachment":[{"href":"https:\/\/datenschutz-eprivacy.de\/en\/wp-json\/wp\/v2\/media?parent=2828"}],"wp:term":[{"taxonomy":"category","embeddable":true,"href":"https:\/\/datenschutz-eprivacy.de\/en\/wp-json\/wp\/v2\/categories?post=2828"},{"taxonomy":"post_tag","embeddable":true,"href":"https:\/\/datenschutz-eprivacy.de\/en\/wp-json\/wp\/v2\/tags?post=2828"}],"curies":[{"name":"wp","href":"https:\/\/api.w.org\/{rel}","templated":true}]}}